{"id":152,"date":"2020-03-19T00:27:10","date_gmt":"2020-03-19T00:27:10","guid":{"rendered":"https:\/\/lascrucestoday.com\/lax967\/?p=152"},"modified":"2020-03-19T00:27:10","modified_gmt":"2020-03-19T00:27:10","slug":"se-cancela-el-spring-festival-2020","status":"publish","type":"post","link":"https:\/\/lascrucestoday.com\/lax967\/2020\/03\/19\/se-cancela-el-spring-festival-2020\/","title":{"rendered":"Se cancela el Spring festival 2020."},"content":{"rendered":"<table class=\"galileo-ap-layout-editor\" border=\"0\" width=\"100%\" cellspacing=\"0\" cellpadding=\"0\">\n<tbody>\n<tr>\n<td class=\" editor-col OneColumnMobile\" align=\"\" valign=\"top\" width=\"100%\">\n<div class=\"gl-contains-divider\">\n<table class=\"editor-divider\" border=\"0\" width=\"100%\" cellspacing=\"0\" cellpadding=\"0\">\n<tbody>\n<tr>\n<td class=\"\" align=\"center\" valign=\"top\">\n<table class=\"galileo-ap-content-editor\" width=\"100%\">\n<tbody>\n<tr>\n<td class=\"divider-base divider-solid\" align=\"center\" valign=\"top\" width=\"100%\">\n<table border=\"0\" cellspacing=\"0\" cellpadding=\"0\" align=\"center\">\n<tbody>\n<tr>\n<td align=\"center\" bgcolor=\"#a11f0c\" height=\"1\">\n<div><img decoding=\"async\" class=\" lazyloaded\" src=\"https:\/\/imgssl.constantcontact.com\/letters\/images\/1101116784221\/S.gif\" alt=\"\" width=\"5\" height=\"1\" border=\"0\" hspace=\"0\" vspace=\"0\" data-src=\"https:\/\/imgssl.constantcontact.com\/letters\/images\/1101116784221\/S.gif\" \/><\/div>\n<\/td>\n<\/tr>\n<\/tbody>\n<\/table>\n<\/td>\n<\/tr>\n<\/tbody>\n<\/table>\n<\/td>\n<\/tr>\n<\/tbody>\n<\/table>\n<\/div>\n<\/td>\n<\/tr>\n<\/tbody>\n<\/table>\n<table class=\"galileo-ap-layout-editor\" border=\"0\" width=\"100%\" cellspacing=\"0\" cellpadding=\"0\">\n<tbody>\n<tr>\n<td class=\"two-column editor-col OneColumnMobile\" align=\"left\" valign=\"top\" bgcolor=\"BF3F2F\" width=\"50%\">\n<div>\n<div class=\"column-resize-bar\"><\/div>\n<\/div>\n<div class=\"gl-contains-image\">\n<table class=\"editor-image content-image-cell editor-image-vspace-on\" border=\"0\" width=\"100%\" cellspacing=\"0\" cellpadding=\"0\">\n<tbody>\n<tr>\n<td align=\"center\" valign=\"top\">\n<div class=\"publish-container\"><img decoding=\"async\" class=\"content-image lazyloaded\" src=\"https:\/\/files.constantcontact.com\/ca3c07bf601\/36534a37-3dc5-4263-80e0-d588650b8ff9.png\" alt=\"\" width=\"250\" border=\"0\" hspace=\"0\" vspace=\"0\" data-src=\"https:\/\/files.constantcontact.com\/ca3c07bf601\/36534a37-3dc5-4263-80e0-d588650b8ff9.png\" \/><\/div>\n<\/td>\n<\/tr>\n<\/tbody>\n<\/table>\n<\/div>\n<\/td>\n<td class=\"two-column editor-col OneColumnMobile\" align=\"left\" valign=\"top\" bgcolor=\"BF3F2F\" width=\"50%\">\n<div class=\"gl-contains-image\">\n<table class=\"editor-image editor-image editor-image-vspace-on\" border=\"0\" width=\"100%\" cellspacing=\"0\" cellpadding=\"0\">\n<tbody>\n<tr>\n<td align=\"center\" valign=\"top\">\n<div class=\"publish-container\"><img decoding=\"async\" class=\" lazyloaded\" src=\"https:\/\/files.constantcontact.com\/ca3c07bf601\/9f30d7b6-5583-42f6-9594-36f574aa784e.png\" alt=\"\" width=\"219\" border=\"0\" hspace=\"0\" vspace=\"0\" data-src=\"https:\/\/files.constantcontact.com\/ca3c07bf601\/9f30d7b6-5583-42f6-9594-36f574aa784e.png\" \/><\/div>\n<\/td>\n<\/tr>\n<\/tbody>\n<\/table>\n<\/div>\n<\/td>\n<\/tr>\n<\/tbody>\n<\/table>\n<table class=\"galileo-ap-layout-editor\" border=\"0\" width=\"100%\" cellspacing=\"0\" cellpadding=\"0\">\n<tbody>\n<tr>\n<td class=\"about editor-col OneColumnMobile\" align=\"left\" valign=\"top\" bgcolor=\"BFBFBF\" width=\"100%\">\n<div class=\"gl-contains-text\">\n<table border=\"0\" width=\"100%\" cellspacing=\"0\" cellpadding=\"0\">\n<tbody>\n<tr>\n<td class=\"editor-text about-text\" align=\"left\" valign=\"top\">\n<div><\/div>\n<div class=\"text-container galileo-ap-content-editor\">\n<div>\n<div align=\"center\"><span>Debido a la preocupaci\u00f3n de la comunidad, para nuestros oyentes y clientes, hemos optado por CANCELAR Springfest 2020, que se llevar\u00eda a cabo en el Young Park el 11 de abril<\/span><span>\u00a0.<\/span><\/div>\n<div align=\"center\"><\/div>\n<div align=\"center\"><span>Lamentablemente, este ser\u00e1 el primer a\u00f1o sin Springfest desde que inicio en 1994. Ya hemos comenzado la planificaci\u00f3n de Springfest 2021 para que sea\u00a0 espectacular !!!!<\/span><\/div>\n<\/div>\n<\/div>\n<\/td>\n<\/tr>\n<\/tbody>\n<\/table>\n<\/div>\n<\/td>\n<\/tr>\n<\/tbody>\n<\/table>\n","protected":false},"excerpt":{"rendered":"<p>Debido a la preocupaci\u00f3n de la comunidad, para nuestros oyentes y clientes, hemos optado por CANCELAR Springfest 2020, que se llevar\u00eda a cabo en el Young Park el 11 de abril\u00a0. Lamentablemente, este ser\u00e1 el primer a\u00f1o sin Springfest desde que inicio en 1994. Ya hemos comenzado la planificaci\u00f3n de<span class=\"more-link\"><a href=\"https:\/\/lascrucestoday.com\/lax967\/2020\/03\/19\/se-cancela-el-spring-festival-2020\/\">Read More &rarr;<\/a><\/span><\/p>\n","protected":false},"author":14,"featured_media":0,"comment_status":"open","ping_status":"open","sticky":false,"template":"","format":"standard","meta":{"footnotes":""},"categories":[1],"tags":[],"yoast_head":"<!-- This site is optimized with the Yoast SEO plugin v22.1 - https:\/\/yoast.com\/wordpress\/plugins\/seo\/ -->\n<title>Se cancela el Spring festival 2020. - La Equis 96.7<\/title>\n<meta name=\"robots\" content=\"index, follow, max-snippet:-1, max-image-preview:large, max-video-preview:-1\" \/>\n<link rel=\"canonical\" href=\"https:\/\/lascrucestoday.com\/lax967\/2020\/03\/19\/se-cancela-el-spring-festival-2020\/\" \/>\n<meta property=\"og:locale\" content=\"es_MX\" \/>\n<meta property=\"og:type\" content=\"article\" \/>\n<meta property=\"og:title\" content=\"Se cancela el Spring festival 2020. - La Equis 96.7\" \/>\n<meta property=\"og:description\" content=\"Debido a la preocupaci\u00f3n de la comunidad, para nuestros oyentes y clientes, hemos optado por CANCELAR Springfest 2020, que se llevar\u00eda a cabo en el Young Park el 11 de abril\u00a0. Lamentablemente, este ser\u00e1 el primer a\u00f1o sin Springfest desde que inicio en 1994. Ya hemos comenzado la planificaci\u00f3n deRead More &rarr;\" \/>\n<meta property=\"og:url\" content=\"https:\/\/lascrucestoday.com\/lax967\/2020\/03\/19\/se-cancela-el-spring-festival-2020\/\" \/>\n<meta property=\"og:site_name\" content=\"La Equis 96.7\" \/>\n<meta property=\"article:publisher\" content=\"https:\/\/www.facebook.com\/laequis92.7\" \/>\n<meta property=\"article:published_time\" content=\"2020-03-19T00:27:10+00:00\" \/>\n<meta property=\"og:image\" content=\"https:\/\/imgssl.constantcontact.com\/letters\/images\/1101116784221\/S.gif\" \/>\n<meta name=\"author\" content=\"rubybada\" \/>\n<meta name=\"twitter:card\" content=\"summary_large_image\" \/>\n<meta name=\"twitter:label1\" content=\"Escrito por\" \/>\n\t<meta name=\"twitter:data1\" content=\"rubybada\" \/>\n<script type=\"application\/ld+json\" class=\"yoast-schema-graph\">{\"@context\":\"https:\/\/schema.org\",\"@graph\":[{\"@type\":\"Article\",\"@id\":\"https:\/\/lascrucestoday.com\/lax967\/2020\/03\/19\/se-cancela-el-spring-festival-2020\/#article\",\"isPartOf\":{\"@id\":\"https:\/\/lascrucestoday.com\/lax967\/2020\/03\/19\/se-cancela-el-spring-festival-2020\/\"},\"author\":{\"name\":\"rubybada\",\"@id\":\"https:\/\/lascrucestoday.com\/lax967\/#\/schema\/person\/eaa4fd8a6c1d72255892b51cfc95d8f5\"},\"headline\":\"Se cancela el Spring festival 2020.\",\"datePublished\":\"2020-03-19T00:27:10+00:00\",\"dateModified\":\"2020-03-19T00:27:10+00:00\",\"mainEntityOfPage\":{\"@id\":\"https:\/\/lascrucestoday.com\/lax967\/2020\/03\/19\/se-cancela-el-spring-festival-2020\/\"},\"wordCount\":61,\"commentCount\":0,\"publisher\":{\"@id\":\"https:\/\/lascrucestoday.com\/lax967\/#organization\"},\"articleSection\":[\"Uncategorized\"],\"inLanguage\":\"es-MX\",\"potentialAction\":[{\"@type\":\"CommentAction\",\"name\":\"Comment\",\"target\":[\"https:\/\/lascrucestoday.com\/lax967\/2020\/03\/19\/se-cancela-el-spring-festival-2020\/#respond\"]}]},{\"@type\":\"WebPage\",\"@id\":\"https:\/\/lascrucestoday.com\/lax967\/2020\/03\/19\/se-cancela-el-spring-festival-2020\/\",\"url\":\"https:\/\/lascrucestoday.com\/lax967\/2020\/03\/19\/se-cancela-el-spring-festival-2020\/\",\"name\":\"Se cancela el Spring festival 2020. - La Equis 96.7\",\"isPartOf\":{\"@id\":\"https:\/\/lascrucestoday.com\/lax967\/#website\"},\"datePublished\":\"2020-03-19T00:27:10+00:00\",\"dateModified\":\"2020-03-19T00:27:10+00:00\",\"breadcrumb\":{\"@id\":\"https:\/\/lascrucestoday.com\/lax967\/2020\/03\/19\/se-cancela-el-spring-festival-2020\/#breadcrumb\"},\"inLanguage\":\"es-MX\",\"potentialAction\":[{\"@type\":\"ReadAction\",\"target\":[\"https:\/\/lascrucestoday.com\/lax967\/2020\/03\/19\/se-cancela-el-spring-festival-2020\/\"]}]},{\"@type\":\"BreadcrumbList\",\"@id\":\"https:\/\/lascrucestoday.com\/lax967\/2020\/03\/19\/se-cancela-el-spring-festival-2020\/#breadcrumb\",\"itemListElement\":[{\"@type\":\"ListItem\",\"position\":1,\"name\":\"Home\",\"item\":\"https:\/\/lascrucestoday.com\/lax967\/\"},{\"@type\":\"ListItem\",\"position\":2,\"name\":\"Se cancela el Spring festival 2020.\"}]},{\"@type\":\"WebSite\",\"@id\":\"https:\/\/lascrucestoday.com\/lax967\/#website\",\"url\":\"https:\/\/lascrucestoday.com\/lax967\/\",\"name\":\"La Equis 96.7\",\"description\":\"De Las Cruces, Para Las Cruces\",\"publisher\":{\"@id\":\"https:\/\/lascrucestoday.com\/lax967\/#organization\"},\"potentialAction\":[{\"@type\":\"SearchAction\",\"target\":{\"@type\":\"EntryPoint\",\"urlTemplate\":\"https:\/\/lascrucestoday.com\/lax967\/?s={search_term_string}\"},\"query-input\":\"required name=search_term_string\"}],\"inLanguage\":\"es-MX\"},{\"@type\":\"Organization\",\"@id\":\"https:\/\/lascrucestoday.com\/lax967\/#organization\",\"name\":\"La Equis 92.7\",\"url\":\"https:\/\/lascrucestoday.com\/lax967\/\",\"logo\":{\"@type\":\"ImageObject\",\"inLanguage\":\"es-MX\",\"@id\":\"https:\/\/lascrucestoday.com\/lax967\/#\/schema\/logo\/image\/\",\"url\":\"https:\/\/lascrucestoday.com\/lax967\/wp-content\/uploads\/sites\/5\/2020\/01\/69552126_690263988157620_6841055056171630592_n.png\",\"contentUrl\":\"https:\/\/lascrucestoday.com\/lax967\/wp-content\/uploads\/sites\/5\/2020\/01\/69552126_690263988157620_6841055056171630592_n.png\",\"width\":960,\"height\":960,\"caption\":\"La Equis 92.7\"},\"image\":{\"@id\":\"https:\/\/lascrucestoday.com\/lax967\/#\/schema\/logo\/image\/\"},\"sameAs\":[\"https:\/\/www.facebook.com\/laequis92.7\"]},{\"@type\":\"Person\",\"@id\":\"https:\/\/lascrucestoday.com\/lax967\/#\/schema\/person\/eaa4fd8a6c1d72255892b51cfc95d8f5\",\"name\":\"rubybada\",\"image\":{\"@type\":\"ImageObject\",\"inLanguage\":\"es-MX\",\"@id\":\"https:\/\/lascrucestoday.com\/lax967\/#\/schema\/person\/image\/\",\"url\":\"https:\/\/secure.gravatar.com\/avatar\/eb49cf082ba16f003c7b988791a69050?s=96&d=mm&r=g\",\"contentUrl\":\"https:\/\/secure.gravatar.com\/avatar\/eb49cf082ba16f003c7b988791a69050?s=96&d=mm&r=g\",\"caption\":\"rubybada\"},\"url\":\"https:\/\/lascrucestoday.com\/lax967\/author\/rubybada\/\"}]}<\/script>\n<!-- \/ Yoast SEO plugin. -->","yoast_head_json":{"title":"Se cancela el Spring festival 2020. - La Equis 96.7","robots":{"index":"index","follow":"follow","max-snippet":"max-snippet:-1","max-image-preview":"max-image-preview:large","max-video-preview":"max-video-preview:-1"},"canonical":"https:\/\/lascrucestoday.com\/lax967\/2020\/03\/19\/se-cancela-el-spring-festival-2020\/","og_locale":"es_MX","og_type":"article","og_title":"Se cancela el Spring festival 2020. - La Equis 96.7","og_description":"Debido a la preocupaci\u00f3n de la comunidad, para nuestros oyentes y clientes, hemos optado por CANCELAR Springfest 2020, que se llevar\u00eda a cabo en el Young Park el 11 de abril\u00a0. Lamentablemente, este ser\u00e1 el primer a\u00f1o sin Springfest desde que inicio en 1994. Ya hemos comenzado la planificaci\u00f3n deRead More &rarr;","og_url":"https:\/\/lascrucestoday.com\/lax967\/2020\/03\/19\/se-cancela-el-spring-festival-2020\/","og_site_name":"La Equis 96.7","article_publisher":"https:\/\/www.facebook.com\/laequis92.7","article_published_time":"2020-03-19T00:27:10+00:00","og_image":[{"url":"https:\/\/imgssl.constantcontact.com\/letters\/images\/1101116784221\/S.gif"}],"author":"rubybada","twitter_card":"summary_large_image","twitter_misc":{"Escrito por":"rubybada"},"schema":{"@context":"https:\/\/schema.org","@graph":[{"@type":"Article","@id":"https:\/\/lascrucestoday.com\/lax967\/2020\/03\/19\/se-cancela-el-spring-festival-2020\/#article","isPartOf":{"@id":"https:\/\/lascrucestoday.com\/lax967\/2020\/03\/19\/se-cancela-el-spring-festival-2020\/"},"author":{"name":"rubybada","@id":"https:\/\/lascrucestoday.com\/lax967\/#\/schema\/person\/eaa4fd8a6c1d72255892b51cfc95d8f5"},"headline":"Se cancela el Spring festival 2020.","datePublished":"2020-03-19T00:27:10+00:00","dateModified":"2020-03-19T00:27:10+00:00","mainEntityOfPage":{"@id":"https:\/\/lascrucestoday.com\/lax967\/2020\/03\/19\/se-cancela-el-spring-festival-2020\/"},"wordCount":61,"commentCount":0,"publisher":{"@id":"https:\/\/lascrucestoday.com\/lax967\/#organization"},"articleSection":["Uncategorized"],"inLanguage":"es-MX","potentialAction":[{"@type":"CommentAction","name":"Comment","target":["https:\/\/lascrucestoday.com\/lax967\/2020\/03\/19\/se-cancela-el-spring-festival-2020\/#respond"]}]},{"@type":"WebPage","@id":"https:\/\/lascrucestoday.com\/lax967\/2020\/03\/19\/se-cancela-el-spring-festival-2020\/","url":"https:\/\/lascrucestoday.com\/lax967\/2020\/03\/19\/se-cancela-el-spring-festival-2020\/","name":"Se cancela el Spring festival 2020. - La Equis 96.7","isPartOf":{"@id":"https:\/\/lascrucestoday.com\/lax967\/#website"},"datePublished":"2020-03-19T00:27:10+00:00","dateModified":"2020-03-19T00:27:10+00:00","breadcrumb":{"@id":"https:\/\/lascrucestoday.com\/lax967\/2020\/03\/19\/se-cancela-el-spring-festival-2020\/#breadcrumb"},"inLanguage":"es-MX","potentialAction":[{"@type":"ReadAction","target":["https:\/\/lascrucestoday.com\/lax967\/2020\/03\/19\/se-cancela-el-spring-festival-2020\/"]}]},{"@type":"BreadcrumbList","@id":"https:\/\/lascrucestoday.com\/lax967\/2020\/03\/19\/se-cancela-el-spring-festival-2020\/#breadcrumb","itemListElement":[{"@type":"ListItem","position":1,"name":"Home","item":"https:\/\/lascrucestoday.com\/lax967\/"},{"@type":"ListItem","position":2,"name":"Se cancela el Spring festival 2020."}]},{"@type":"WebSite","@id":"https:\/\/lascrucestoday.com\/lax967\/#website","url":"https:\/\/lascrucestoday.com\/lax967\/","name":"La Equis 96.7","description":"De Las Cruces, Para Las Cruces","publisher":{"@id":"https:\/\/lascrucestoday.com\/lax967\/#organization"},"potentialAction":[{"@type":"SearchAction","target":{"@type":"EntryPoint","urlTemplate":"https:\/\/lascrucestoday.com\/lax967\/?s={search_term_string}"},"query-input":"required name=search_term_string"}],"inLanguage":"es-MX"},{"@type":"Organization","@id":"https:\/\/lascrucestoday.com\/lax967\/#organization","name":"La Equis 92.7","url":"https:\/\/lascrucestoday.com\/lax967\/","logo":{"@type":"ImageObject","inLanguage":"es-MX","@id":"https:\/\/lascrucestoday.com\/lax967\/#\/schema\/logo\/image\/","url":"https:\/\/lascrucestoday.com\/lax967\/wp-content\/uploads\/sites\/5\/2020\/01\/69552126_690263988157620_6841055056171630592_n.png","contentUrl":"https:\/\/lascrucestoday.com\/lax967\/wp-content\/uploads\/sites\/5\/2020\/01\/69552126_690263988157620_6841055056171630592_n.png","width":960,"height":960,"caption":"La Equis 92.7"},"image":{"@id":"https:\/\/lascrucestoday.com\/lax967\/#\/schema\/logo\/image\/"},"sameAs":["https:\/\/www.facebook.com\/laequis92.7"]},{"@type":"Person","@id":"https:\/\/lascrucestoday.com\/lax967\/#\/schema\/person\/eaa4fd8a6c1d72255892b51cfc95d8f5","name":"rubybada","image":{"@type":"ImageObject","inLanguage":"es-MX","@id":"https:\/\/lascrucestoday.com\/lax967\/#\/schema\/person\/image\/","url":"https:\/\/secure.gravatar.com\/avatar\/eb49cf082ba16f003c7b988791a69050?s=96&d=mm&r=g","contentUrl":"https:\/\/secure.gravatar.com\/avatar\/eb49cf082ba16f003c7b988791a69050?s=96&d=mm&r=g","caption":"rubybada"},"url":"https:\/\/lascrucestoday.com\/lax967\/author\/rubybada\/"}]}},"_links":{"self":[{"href":"https:\/\/lascrucestoday.com\/lax967\/wp-json\/wp\/v2\/posts\/152"}],"collection":[{"href":"https:\/\/lascrucestoday.com\/lax967\/wp-json\/wp\/v2\/posts"}],"about":[{"href":"https:\/\/lascrucestoday.com\/lax967\/wp-json\/wp\/v2\/types\/post"}],"author":[{"embeddable":true,"href":"https:\/\/lascrucestoday.com\/lax967\/wp-json\/wp\/v2\/users\/14"}],"replies":[{"embeddable":true,"href":"https:\/\/lascrucestoday.com\/lax967\/wp-json\/wp\/v2\/comments?post=152"}],"version-history":[{"count":1,"href":"https:\/\/lascrucestoday.com\/lax967\/wp-json\/wp\/v2\/posts\/152\/revisions"}],"predecessor-version":[{"id":153,"href":"https:\/\/lascrucestoday.com\/lax967\/wp-json\/wp\/v2\/posts\/152\/revisions\/153"}],"wp:attachment":[{"href":"https:\/\/lascrucestoday.com\/lax967\/wp-json\/wp\/v2\/media?parent=152"}],"wp:term":[{"taxonomy":"category","embeddable":true,"href":"https:\/\/lascrucestoday.com\/lax967\/wp-json\/wp\/v2\/categories?post=152"},{"taxonomy":"post_tag","embeddable":true,"href":"https:\/\/lascrucestoday.com\/lax967\/wp-json\/wp\/v2\/tags?post=152"}],"curies":[{"name":"wp","href":"https:\/\/api.w.org\/{rel}","templated":true}]}}